{"id":8185,"date":"2016-02-16T00:00:00","date_gmt":"2016-02-16T00:00:00","guid":{"rendered":"https:\/\/stg.visualarq.com\/2016\/02\/16\/workshop-de-visualarq-en-el-bim-european-summit-de-barcelona-2016\/"},"modified":"2016-02-16T00:00:00","modified_gmt":"2016-02-16T00:00:00","slug":"workshop-de-visualarq-en-el-bim-european-summit-de-barcelona-2016","status":"publish","type":"post","link":"https:\/\/stg.visualarq.com\/es\/workshop-de-visualarq-en-el-bim-european-summit-de-barcelona-2016\/","title":{"rendered":"Workshop de VisualARQ en el BIM European Summit de Barcelona 2016"},"content":{"rendered":"<a href=\"https:\/\/europeanbimsummit.com\/\" rel=\"attachment wp-att-3991\"><img loading=\"lazy\" decoding=\"async\" class=\"aligncenter size-full wp-image-3991\" src=\"https:\/\/stg.visualarq.com\/wp-content\/uploads\/2019\/01\/VisualARQ-at-the-BIM-EUROPEAN-SUMMIT-2016.jpg\" alt=\"VisualARQ at the BIM EUROPEAN SUMMIT 2016\" width=\"650\" height=\"248\" \/><\/a>\n\n<strong>BIM European Summit Barcelona 2016<\/strong>\n<ul>\n\t<li>Lugar: <a href=\"https:\/\/www.wtcbarcelona.com\/en\">World Trade Center, Barcelona<\/a><\/li>\n\t<li>Cu\u00e1ndo: 18 y 19 de febrero 2016<\/li>\n<\/ul>\n<strong><a href=\"https:\/\/europeanbimsummit.com\/sessions\/workshop-gratuit-asuni-visual-arq-sala-a4\/\">VisualARQ Workshop<\/a><\/strong>\n<ul>\n\t<li>Cu\u00e1ndo: 19 de febrero 2016, de 17h-18h.<\/li>\n\t<li>Lugar: Room A4<\/li>\n<\/ul>\nVisualARQ participar\u00e1 en la segunda edici\u00f3n del <a href=\"https:\/\/europeanbimsummit.com\/\">BIM European Summit Barcelona 2016<\/a>, que tendr\u00e1 lugar los pr\u00f3ximos d\u00edas 18 y 19 de febrero en el World Trade Center de Barcelona.\n\nFrancesc Salla, gerente de producto de VisualARQ, presentar\u00e1 el workshop \u00ab<strong>VisualARQ: soluci\u00f3n BIM flexible para Rhino<\/strong>\u00bb para mostrar las ventajas de usar Rhino y VisualARQ en el proceso BIM y de dise\u00f1o arquitect\u00f3nico.\n\nEn el evento se presentar\u00e1n las experiencias m\u00e1s interesantes y los \u00faltimos avances de este nuevo m\u00e9todo de trabajo basado en la gesti\u00f3n de la informaci\u00f3n generada durante el ciclo de vida de una construcci\u00f3n. Un m\u00e9todo que hay que conocer y dominar como un proceso dirigido a la mejora de la calidad, eficiencia y eficacia en cualquier proyecto, obra de edificaci\u00f3n y obra civil.\n\n<a href=\"https:\/\/europeanbimsummit.com\/\">Pulse aqu\u00ed para conocer m\u00e1s detalles y registrarse<\/a>.","protected":false},"excerpt":{"rendered":"<p>BIM European Summit Barcelona 2016 Lugar: World Trade Center, Barcelona Cu\u00e1ndo: 18 y 19 de febrero 2016 VisualARQ Workshop Cu\u00e1ndo: 19 de febrero 2016, de 17h-18h. Lugar: Room A4 VisualARQ participar\u00e1 en la segunda edici\u00f3n del BIM European Summit Barcelona 2016, que tendr\u00e1 lugar los pr\u00f3ximos d\u00edas 18 y 19 de febrero en el World [&hellip;]<\/p>\n","protected":false},"author":6,"featured_media":6847,"comment_status":"closed","ping_status":"closed","sticky":false,"template":"","format":"standard","meta":{"_et_pb_use_builder":"","_et_pb_old_content":"","_et_gb_content_width":"","footnotes":""},"categories":[1740],"tags":[],"class_list":["post-8185","post","type-post","status-publish","format-standard","has-post-thumbnail","hentry","category-general-es"],"yoast_head":"<!-- This site is optimized with the Yoast SEO plugin v27.5 - https:\/\/yoast.com\/product\/yoast-seo-wordpress\/ -->\n<title>Workshop de VisualARQ en el BIM European Summit de Barcelona 2016 - VisualARQ<\/title>\n<meta name=\"robots\" content=\"noindex, follow, max-snippet:-1, max-image-preview:large, max-video-preview:-1\" \/>\n<meta property=\"og:locale\" content=\"es_ES\" \/>\n<meta property=\"og:type\" content=\"article\" \/>\n<meta property=\"og:title\" content=\"Workshop de VisualARQ en el BIM European Summit de Barcelona 2016 - VisualARQ\" \/>\n<meta property=\"og:description\" content=\"BIM European Summit Barcelona 2016 Lugar: World Trade Center, Barcelona Cu\u00e1ndo: 18 y 19 de febrero 2016 VisualARQ Workshop Cu\u00e1ndo: 19 de febrero 2016, de 17h-18h. Lugar: Room A4 VisualARQ participar\u00e1 en la segunda edici\u00f3n del BIM European Summit Barcelona 2016, que tendr\u00e1 lugar los pr\u00f3ximos d\u00edas 18 y 19 de febrero en el World [&hellip;]\" \/>\n<meta property=\"og:url\" content=\"https:\/\/stg.visualarq.com\/es\/workshop-de-visualarq-en-el-bim-european-summit-de-barcelona-2016\/\" \/>\n<meta property=\"og:site_name\" content=\"VisualARQ\" \/>\n<meta property=\"article:publisher\" content=\"https:\/\/www.facebook.com\/visualarq\" \/>\n<meta property=\"article:published_time\" content=\"2016-02-16T00:00:00+00:00\" \/>\n<meta property=\"og:image\" content=\"https:\/\/stg.visualarq.com\/wp-content\/uploads\/2019\/01\/VisualARQ-at-the-BIM-EUROPEAN-SUMMIT-2016.jpg\" \/>\n\t<meta property=\"og:image:width\" content=\"650\" \/>\n\t<meta property=\"og:image:height\" content=\"248\" \/>\n\t<meta property=\"og:image:type\" content=\"image\/jpeg\" \/>\n<meta name=\"author\" content=\"Francesc Salla\" \/>\n<meta name=\"twitter:card\" content=\"summary_large_image\" \/>\n<meta name=\"twitter:creator\" content=\"@VisualARQ\" \/>\n<meta name=\"twitter:site\" content=\"@VisualARQ\" \/>\n<meta name=\"twitter:label1\" content=\"Escrito por\" \/>\n\t<meta name=\"twitter:data1\" content=\"Francesc Salla\" \/>\n\t<meta name=\"twitter:label2\" content=\"Tiempo de lectura\" \/>\n\t<meta name=\"twitter:data2\" content=\"1 minuto\" \/>\n<script type=\"application\/ld+json\" class=\"yoast-schema-graph\">{\"@context\":\"https:\\\/\\\/schema.org\",\"@graph\":[{\"@type\":\"Article\",\"@id\":\"https:\\\/\\\/stg.visualarq.com\\\/es\\\/workshop-de-visualarq-en-el-bim-european-summit-de-barcelona-2016\\\/#article\",\"isPartOf\":{\"@id\":\"https:\\\/\\\/stg.visualarq.com\\\/es\\\/workshop-de-visualarq-en-el-bim-european-summit-de-barcelona-2016\\\/\"},\"author\":{\"name\":\"Francesc Salla\",\"@id\":\"https:\\\/\\\/stg.visualarq.com\\\/es\\\/#\\\/schema\\\/person\\\/f61c67cb6ff7f707ad48dc1bd00d7371\"},\"headline\":\"Workshop de VisualARQ en el BIM European Summit de Barcelona 2016\",\"datePublished\":\"2016-02-16T00:00:00+00:00\",\"mainEntityOfPage\":{\"@id\":\"https:\\\/\\\/stg.visualarq.com\\\/es\\\/workshop-de-visualarq-en-el-bim-european-summit-de-barcelona-2016\\\/\"},\"wordCount\":184,\"image\":{\"@id\":\"https:\\\/\\\/stg.visualarq.com\\\/es\\\/workshop-de-visualarq-en-el-bim-european-summit-de-barcelona-2016\\\/#primaryimage\"},\"thumbnailUrl\":\"https:\\\/\\\/stg.visualarq.com\\\/wp-content\\\/uploads\\\/2019\\\/01\\\/VisualARQ-at-the-BIM-EUROPEAN-SUMMIT-2016.jpg\",\"articleSection\":[\"General\"],\"inLanguage\":\"es\"},{\"@type\":\"WebPage\",\"@id\":\"https:\\\/\\\/stg.visualarq.com\\\/es\\\/workshop-de-visualarq-en-el-bim-european-summit-de-barcelona-2016\\\/\",\"url\":\"https:\\\/\\\/stg.visualarq.com\\\/es\\\/workshop-de-visualarq-en-el-bim-european-summit-de-barcelona-2016\\\/\",\"name\":\"Workshop de VisualARQ en el BIM European Summit de Barcelona 2016 - VisualARQ\",\"isPartOf\":{\"@id\":\"https:\\\/\\\/stg.visualarq.com\\\/es\\\/#website\"},\"primaryImageOfPage\":{\"@id\":\"https:\\\/\\\/stg.visualarq.com\\\/es\\\/workshop-de-visualarq-en-el-bim-european-summit-de-barcelona-2016\\\/#primaryimage\"},\"image\":{\"@id\":\"https:\\\/\\\/stg.visualarq.com\\\/es\\\/workshop-de-visualarq-en-el-bim-european-summit-de-barcelona-2016\\\/#primaryimage\"},\"thumbnailUrl\":\"https:\\\/\\\/stg.visualarq.com\\\/wp-content\\\/uploads\\\/2019\\\/01\\\/VisualARQ-at-the-BIM-EUROPEAN-SUMMIT-2016.jpg\",\"datePublished\":\"2016-02-16T00:00:00+00:00\",\"author\":{\"@id\":\"https:\\\/\\\/stg.visualarq.com\\\/es\\\/#\\\/schema\\\/person\\\/f61c67cb6ff7f707ad48dc1bd00d7371\"},\"breadcrumb\":{\"@id\":\"https:\\\/\\\/stg.visualarq.com\\\/es\\\/workshop-de-visualarq-en-el-bim-european-summit-de-barcelona-2016\\\/#breadcrumb\"},\"inLanguage\":\"es\",\"potentialAction\":[{\"@type\":\"ReadAction\",\"target\":[\"https:\\\/\\\/stg.visualarq.com\\\/es\\\/workshop-de-visualarq-en-el-bim-european-summit-de-barcelona-2016\\\/\"]}]},{\"@type\":\"ImageObject\",\"inLanguage\":\"es\",\"@id\":\"https:\\\/\\\/stg.visualarq.com\\\/es\\\/workshop-de-visualarq-en-el-bim-european-summit-de-barcelona-2016\\\/#primaryimage\",\"url\":\"https:\\\/\\\/stg.visualarq.com\\\/wp-content\\\/uploads\\\/2019\\\/01\\\/VisualARQ-at-the-BIM-EUROPEAN-SUMMIT-2016.jpg\",\"contentUrl\":\"https:\\\/\\\/stg.visualarq.com\\\/wp-content\\\/uploads\\\/2019\\\/01\\\/VisualARQ-at-the-BIM-EUROPEAN-SUMMIT-2016.jpg\",\"width\":650,\"height\":248},{\"@type\":\"BreadcrumbList\",\"@id\":\"https:\\\/\\\/stg.visualarq.com\\\/es\\\/workshop-de-visualarq-en-el-bim-european-summit-de-barcelona-2016\\\/#breadcrumb\",\"itemListElement\":[{\"@type\":\"ListItem\",\"position\":1,\"name\":\"Home\",\"item\":\"https:\\\/\\\/stg.visualarq.com\\\/es\\\/home\\\/\"},{\"@type\":\"ListItem\",\"position\":2,\"name\":\"Workshop de VisualARQ en el BIM European Summit de Barcelona 2016\"}]},{\"@type\":\"WebSite\",\"@id\":\"https:\\\/\\\/stg.visualarq.com\\\/es\\\/#website\",\"url\":\"https:\\\/\\\/stg.visualarq.com\\\/es\\\/\",\"name\":\"VisualARQ\",\"description\":\"Flexible BIM for Rhino\",\"potentialAction\":[{\"@type\":\"SearchAction\",\"target\":{\"@type\":\"EntryPoint\",\"urlTemplate\":\"https:\\\/\\\/stg.visualarq.com\\\/es\\\/?s={search_term_string}\"},\"query-input\":{\"@type\":\"PropertyValueSpecification\",\"valueRequired\":true,\"valueName\":\"search_term_string\"}}],\"inLanguage\":\"es\"},{\"@type\":\"Person\",\"@id\":\"https:\\\/\\\/stg.visualarq.com\\\/es\\\/#\\\/schema\\\/person\\\/f61c67cb6ff7f707ad48dc1bd00d7371\",\"name\":\"Francesc Salla\",\"image\":{\"@type\":\"ImageObject\",\"inLanguage\":\"es\",\"@id\":\"https:\\\/\\\/secure.gravatar.com\\\/avatar\\\/d1b28734ac3202a82f88519e56a2c30dc3797cf97a12b6ab9483115421139fb8?s=96&d=mm&r=g\",\"url\":\"https:\\\/\\\/secure.gravatar.com\\\/avatar\\\/d1b28734ac3202a82f88519e56a2c30dc3797cf97a12b6ab9483115421139fb8?s=96&d=mm&r=g\",\"contentUrl\":\"https:\\\/\\\/secure.gravatar.com\\\/avatar\\\/d1b28734ac3202a82f88519e56a2c30dc3797cf97a12b6ab9483115421139fb8?s=96&d=mm&r=g\",\"caption\":\"Francesc Salla\"},\"url\":\"https:\\\/\\\/stg.visualarq.com\\\/es\\\/author\\\/fsalla\\\/\"}]}<\/script>\n<!-- \/ Yoast SEO plugin. -->","yoast_head_json":{"title":"Workshop de VisualARQ en el BIM European Summit de Barcelona 2016 - VisualARQ","robots":{"index":"noindex","follow":"follow","max-snippet":"max-snippet:-1","max-image-preview":"max-image-preview:large","max-video-preview":"max-video-preview:-1"},"og_locale":"es_ES","og_type":"article","og_title":"Workshop de VisualARQ en el BIM European Summit de Barcelona 2016 - VisualARQ","og_description":"BIM European Summit Barcelona 2016 Lugar: World Trade Center, Barcelona Cu\u00e1ndo: 18 y 19 de febrero 2016 VisualARQ Workshop Cu\u00e1ndo: 19 de febrero 2016, de 17h-18h. Lugar: Room A4 VisualARQ participar\u00e1 en la segunda edici\u00f3n del BIM European Summit Barcelona 2016, que tendr\u00e1 lugar los pr\u00f3ximos d\u00edas 18 y 19 de febrero en el World [&hellip;]","og_url":"https:\/\/stg.visualarq.com\/es\/workshop-de-visualarq-en-el-bim-european-summit-de-barcelona-2016\/","og_site_name":"VisualARQ","article_publisher":"https:\/\/www.facebook.com\/visualarq","article_published_time":"2016-02-16T00:00:00+00:00","og_image":[{"width":650,"height":248,"url":"https:\/\/stg.visualarq.com\/wp-content\/uploads\/2019\/01\/VisualARQ-at-the-BIM-EUROPEAN-SUMMIT-2016.jpg","type":"image\/jpeg"}],"author":"Francesc Salla","twitter_card":"summary_large_image","twitter_creator":"@VisualARQ","twitter_site":"@VisualARQ","twitter_misc":{"Escrito por":"Francesc Salla","Tiempo de lectura":"1 minuto"},"schema":{"@context":"https:\/\/schema.org","@graph":[{"@type":"Article","@id":"https:\/\/stg.visualarq.com\/es\/workshop-de-visualarq-en-el-bim-european-summit-de-barcelona-2016\/#article","isPartOf":{"@id":"https:\/\/stg.visualarq.com\/es\/workshop-de-visualarq-en-el-bim-european-summit-de-barcelona-2016\/"},"author":{"name":"Francesc Salla","@id":"https:\/\/stg.visualarq.com\/es\/#\/schema\/person\/f61c67cb6ff7f707ad48dc1bd00d7371"},"headline":"Workshop de VisualARQ en el BIM European Summit de Barcelona 2016","datePublished":"2016-02-16T00:00:00+00:00","mainEntityOfPage":{"@id":"https:\/\/stg.visualarq.com\/es\/workshop-de-visualarq-en-el-bim-european-summit-de-barcelona-2016\/"},"wordCount":184,"image":{"@id":"https:\/\/stg.visualarq.com\/es\/workshop-de-visualarq-en-el-bim-european-summit-de-barcelona-2016\/#primaryimage"},"thumbnailUrl":"https:\/\/stg.visualarq.com\/wp-content\/uploads\/2019\/01\/VisualARQ-at-the-BIM-EUROPEAN-SUMMIT-2016.jpg","articleSection":["General"],"inLanguage":"es"},{"@type":"WebPage","@id":"https:\/\/stg.visualarq.com\/es\/workshop-de-visualarq-en-el-bim-european-summit-de-barcelona-2016\/","url":"https:\/\/stg.visualarq.com\/es\/workshop-de-visualarq-en-el-bim-european-summit-de-barcelona-2016\/","name":"Workshop de VisualARQ en el BIM European Summit de Barcelona 2016 - VisualARQ","isPartOf":{"@id":"https:\/\/stg.visualarq.com\/es\/#website"},"primaryImageOfPage":{"@id":"https:\/\/stg.visualarq.com\/es\/workshop-de-visualarq-en-el-bim-european-summit-de-barcelona-2016\/#primaryimage"},"image":{"@id":"https:\/\/stg.visualarq.com\/es\/workshop-de-visualarq-en-el-bim-european-summit-de-barcelona-2016\/#primaryimage"},"thumbnailUrl":"https:\/\/stg.visualarq.com\/wp-content\/uploads\/2019\/01\/VisualARQ-at-the-BIM-EUROPEAN-SUMMIT-2016.jpg","datePublished":"2016-02-16T00:00:00+00:00","author":{"@id":"https:\/\/stg.visualarq.com\/es\/#\/schema\/person\/f61c67cb6ff7f707ad48dc1bd00d7371"},"breadcrumb":{"@id":"https:\/\/stg.visualarq.com\/es\/workshop-de-visualarq-en-el-bim-european-summit-de-barcelona-2016\/#breadcrumb"},"inLanguage":"es","potentialAction":[{"@type":"ReadAction","target":["https:\/\/stg.visualarq.com\/es\/workshop-de-visualarq-en-el-bim-european-summit-de-barcelona-2016\/"]}]},{"@type":"ImageObject","inLanguage":"es","@id":"https:\/\/stg.visualarq.com\/es\/workshop-de-visualarq-en-el-bim-european-summit-de-barcelona-2016\/#primaryimage","url":"https:\/\/stg.visualarq.com\/wp-content\/uploads\/2019\/01\/VisualARQ-at-the-BIM-EUROPEAN-SUMMIT-2016.jpg","contentUrl":"https:\/\/stg.visualarq.com\/wp-content\/uploads\/2019\/01\/VisualARQ-at-the-BIM-EUROPEAN-SUMMIT-2016.jpg","width":650,"height":248},{"@type":"BreadcrumbList","@id":"https:\/\/stg.visualarq.com\/es\/workshop-de-visualarq-en-el-bim-european-summit-de-barcelona-2016\/#breadcrumb","itemListElement":[{"@type":"ListItem","position":1,"name":"Home","item":"https:\/\/stg.visualarq.com\/es\/home\/"},{"@type":"ListItem","position":2,"name":"Workshop de VisualARQ en el BIM European Summit de Barcelona 2016"}]},{"@type":"WebSite","@id":"https:\/\/stg.visualarq.com\/es\/#website","url":"https:\/\/stg.visualarq.com\/es\/","name":"VisualARQ","description":"Flexible BIM for Rhino","potentialAction":[{"@type":"SearchAction","target":{"@type":"EntryPoint","urlTemplate":"https:\/\/stg.visualarq.com\/es\/?s={search_term_string}"},"query-input":{"@type":"PropertyValueSpecification","valueRequired":true,"valueName":"search_term_string"}}],"inLanguage":"es"},{"@type":"Person","@id":"https:\/\/stg.visualarq.com\/es\/#\/schema\/person\/f61c67cb6ff7f707ad48dc1bd00d7371","name":"Francesc Salla","image":{"@type":"ImageObject","inLanguage":"es","@id":"https:\/\/secure.gravatar.com\/avatar\/d1b28734ac3202a82f88519e56a2c30dc3797cf97a12b6ab9483115421139fb8?s=96&d=mm&r=g","url":"https:\/\/secure.gravatar.com\/avatar\/d1b28734ac3202a82f88519e56a2c30dc3797cf97a12b6ab9483115421139fb8?s=96&d=mm&r=g","contentUrl":"https:\/\/secure.gravatar.com\/avatar\/d1b28734ac3202a82f88519e56a2c30dc3797cf97a12b6ab9483115421139fb8?s=96&d=mm&r=g","caption":"Francesc Salla"},"url":"https:\/\/stg.visualarq.com\/es\/author\/fsalla\/"}]}},"_links":{"self":[{"href":"https:\/\/stg.visualarq.com\/es\/wp-json\/wp\/v2\/posts\/8185","targetHints":{"allow":["GET"]}}],"collection":[{"href":"https:\/\/stg.visualarq.com\/es\/wp-json\/wp\/v2\/posts"}],"about":[{"href":"https:\/\/stg.visualarq.com\/es\/wp-json\/wp\/v2\/types\/post"}],"author":[{"embeddable":true,"href":"https:\/\/stg.visualarq.com\/es\/wp-json\/wp\/v2\/users\/6"}],"replies":[{"embeddable":true,"href":"https:\/\/stg.visualarq.com\/es\/wp-json\/wp\/v2\/comments?post=8185"}],"version-history":[{"count":0,"href":"https:\/\/stg.visualarq.com\/es\/wp-json\/wp\/v2\/posts\/8185\/revisions"}],"wp:featuredmedia":[{"embeddable":true,"href":"https:\/\/stg.visualarq.com\/es\/wp-json\/wp\/v2\/media\/6847"}],"wp:attachment":[{"href":"https:\/\/stg.visualarq.com\/es\/wp-json\/wp\/v2\/media?parent=8185"}],"wp:term":[{"taxonomy":"category","embeddable":true,"href":"https:\/\/stg.visualarq.com\/es\/wp-json\/wp\/v2\/categories?post=8185"},{"taxonomy":"post_tag","embeddable":true,"href":"https:\/\/stg.visualarq.com\/es\/wp-json\/wp\/v2\/tags?post=8185"}],"curies":[{"name":"wp","href":"https:\/\/api.w.org\/{rel}","templated":true}]}}