{"id":8305,"date":"2018-09-13T00:00:00","date_gmt":"2018-09-13T00:00:00","guid":{"rendered":"https:\/\/stg.visualarq.com\/2018\/09\/13\/el-uso-del-3d-en-edificios-es-ya-la-principal-opcion-y-preocupacion-del-arquitecto-tecnologico\/"},"modified":"2018-09-13T00:00:00","modified_gmt":"2018-09-13T00:00:00","slug":"el-uso-del-3d-en-edificios-es-ya-la-principal-opcion-y-preocupacion-del-arquitecto-tecnologico","status":"publish","type":"post","link":"https:\/\/stg.visualarq.com\/es\/el-uso-del-3d-en-edificios-es-ya-la-principal-opcion-y-preocupacion-del-arquitecto-tecnologico\/","title":{"rendered":"El uso del 3D en edificios es ya la principal opci\u00f3n (y preocupaci\u00f3n) del arquitecto \u201ctecnol\u00f3gico\u201d"},"content":{"rendered":"<div id=\"attachment_5317\" style=\"width: 760px\" class=\"wp-caption aligncenter\"><img loading=\"lazy\" decoding=\"async\" aria-describedby=\"caption-attachment-5317\" src=\"https:\/\/stg.visualarq.com\/wp-content\/uploads\/2019\/01\/VisualARQ-2-Randall-Stout-Alberta-Art-Gallery.jpg\" alt=\"\" width=\"750\" height=\"360\" class=\"size-full wp-image-5317\" \/><p id=\"caption-attachment-5317\" class=\"wp-caption-text\">Modelo 3D de la Galer\u00eda de Arte de Alberta (Randall Stout architects).<\/p><\/div>\n\n<b>Poder relacionar los nuevos programas de trabajo, m\u00e1s flexibles y \u00e1giles, con otros programas existentes y generar mejor la documentaci\u00f3n t\u00e9cnica necesaria son las otras dos preocupaciones principales de los profesionales.<\/b>\n\nCon la carrera tecnol\u00f3gica, los arquitectos de todo el mundo han tenido que renovarse o morir tecnol\u00f3gicamente, actualiz\u00e1ndose y apostando por nuevos procesos o herramientas de dise\u00f1o que les permitan plasmar su creatividad o exigencias del cliente. Pero \u00bfcu\u00e1les son las principales dudas del arquitecto actual antes de lanzarse y adoptar estos avances tecnol\u00f3gicos? <b>\u00bfQu\u00e9 retos y dificultades tienen que afrontar con m\u00e1s frecuencia?<\/b> En la actualidad, la petici\u00f3n de informaci\u00f3n m\u00e1s demandada a los servicios de atenci\u00f3n de Rhino, VisualARQ y Grasshopper, tres de los entornos de dise\u00f1o m\u00e1s innovadores, pasan en primer lugar por <b>modelar en 3D con todas las garant\u00edas<\/b>. Le sigue el <b>poder relacionar los nuevos programas de trabajo, m\u00e1s flexibles y \u00e1giles, con otros programas existentes<\/b> que, aunque son m\u00e1s r\u00edgidos, son utilizados en buena parte de los despachos. Y, por \u00faltimo, los arquitectos preguntan sobre <b>c\u00f3mo generar mejor la documentaci\u00f3n t\u00e9cnica necesaria<\/b> y completa para cada proyecto.\n\n<!--more-->\n\nSeg\u00fan explica Francesc Salla, Product Manager y responsable de atenci\u00f3n a los usuarios de VisualARQ en todo el mundo, \u201c<em>es muy habitual que nos consulten los aspectos para modelar en 3D de sus proyectos. En concreto los arquitectos buscan c\u00f3mo modelar con objetos de arquitectura param\u00e9tricos (objetos inteligentes y asociativos, que incorporan datos propios y din\u00e1micos), o la manera de convertir estos modelos 3D que han creado en modelos BIM<\/em>\u201d (es decir, geometr\u00eda con datos). Esto les permite gestionar los datos del proyecto de un edificio dentro del entorno de Rhino, y sobre todo compartir los proyectos con otros programas o profesionales sin perder la informaci\u00f3n asociada a la geometr\u00eda.\n\nLos arquitectos tambi\u00e9n piden la m\u00e1xima flexibilidad para generar objetos din\u00e1micos con informaci\u00f3n, y eso lo proporciona VisualARQ a trav\u00e9s de la generaci\u00f3n de objetos desde Grasshopper.   \nPor otra parte, el progreso y la innovaci\u00f3n es, en el campo de la arquitectura, una moneda de dos caras. La evoluci\u00f3n de la tecnolog\u00eda y las nuevas herramientas de dise\u00f1o, como Rhino y su entorno de plugins, permiten crear geometr\u00eda y dise\u00f1os complejos que no son posibles en otros programas. Sin embargo, hay la <b>necesidad de intercambiar los evolucionados modelos 3D creados con otros programas<\/b> para poder desarrollar diferentes fases del proyecto o para colaborar con diferentes equipos de trabajo.\n\nTal y como se\u00f1ala Francesc Salla, \u201c<em>los profesionales nos piden c\u00f3mo poder relacionar programas de trabajo y, m\u00e1s concretamente, c\u00f3mo trasladar las soluciones geom\u00e9tricas que ofrece Rhino, y especialmente VisualARQ, al entorno m\u00e1s r\u00edgido de programas de software como Revit, ArchiCAD o Tekla<\/em>\u201d. A las preguntas asociadas a este intercambio de modelos se a\u00f1ade, explica Salla, otro gran paquete de cuestiones que plantean los arquitectos sobre \u201cc\u00f3mo conservar toda la informaci\u00f3n asociada a la geometr\u00eda lograda\u201d. A ra\u00edz de ese tipo de consultas, el equipo de Asuni ha generado una <a href=\"https:\/\/stg.visualarq.com\/es\/features\/collaboration\/ifc\/revit\/\">Gu\u00eda IFC<\/a> que explica c\u00f3mo exportar modelos de Rhino a Revit a trav\u00e9s de IFC.\n\nEn cuanto a la <b>documentaci\u00f3n, que configura el tercer gran paquete de dudas de los profesionales<\/b>, los arquitectos preguntan c\u00f3mo generar los planos, (plantas, alzados, secciones, listados, etc,) sin salir del entorno de Rhino, aspecto en que VisualARQ les sirve de gran ayuda. Por su parte, todo los programas de software que trabajan con sistemas BIM ya tienen la obligatoriedad de generar la documentaci\u00f3n necesaria de manera totalmente eficaz, un proceso que puede ser muy farragoso. En este sentido, a\u00f1ade Salla, \u201cnos preguntan b\u00e1sicamente:\n\n<ul>\n<li>C\u00f3mo generar plantas, alzados y secciones dentro del entorno de Rhino (<a href=\"https:\/\/youtu.be\/1qdNB5v_fwE\">v\u00eddeo<\/a>)<\/li>\n<li>C\u00f3mo dotar de calidad gr\u00e1fica a esos planos (atributos de secci\u00f3n, grosores de l\u00ednea, etc.)<\/li>\n<li>C\u00f3mo dotar informaci\u00f3n personalizada a la geometr\u00eda del modelo (<a href=\"https:\/\/youtu.be\/rdX7I79qTTI\">v\u00eddeo<\/a>)<\/li>\n<li>C\u00f3mo listar esa informaci\u00f3n y exportarla a hojas de c\u00e1lculo<\/li>\n<\/ul>","protected":false},"excerpt":{"rendered":"<p>Poder relacionar los nuevos programas de trabajo, m\u00e1s flexibles y \u00e1giles, con otros programas existentes y generar mejor la documentaci\u00f3n t\u00e9cnica necesaria son las otras dos preocupaciones principales de los profesionales. Con la carrera tecnol\u00f3gica, los arquitectos de todo el mundo han tenido que renovarse o morir tecnol\u00f3gicamente, actualiz\u00e1ndose y apostando por nuevos procesos o [&hellip;]<\/p>\n","protected":false},"author":6,"featured_media":7254,"comment_status":"closed","ping_status":"closed","sticky":false,"template":"","format":"standard","meta":{"_et_pb_use_builder":"","_et_pb_old_content":"","_et_gb_content_width":"","footnotes":""},"categories":[1740],"tags":[],"class_list":["post-8305","post","type-post","status-publish","format-standard","has-post-thumbnail","hentry","category-general-es"],"yoast_head":"<!-- This site is optimized with the Yoast SEO plugin v27.5 - https:\/\/yoast.com\/product\/yoast-seo-wordpress\/ -->\n<title>El uso del 3D en edificios es ya la principal opci\u00f3n (y preocupaci\u00f3n) del arquitecto \u201ctecnol\u00f3gico\u201d - VisualARQ<\/title>\n<meta name=\"robots\" content=\"noindex, follow, max-snippet:-1, max-image-preview:large, max-video-preview:-1\" \/>\n<meta property=\"og:locale\" content=\"es_ES\" \/>\n<meta property=\"og:type\" content=\"article\" \/>\n<meta property=\"og:title\" content=\"El uso del 3D en edificios es ya la principal opci\u00f3n (y preocupaci\u00f3n) del arquitecto \u201ctecnol\u00f3gico\u201d - VisualARQ\" \/>\n<meta property=\"og:description\" content=\"Poder relacionar los nuevos programas de trabajo, m\u00e1s flexibles y \u00e1giles, con otros programas existentes y generar mejor la documentaci\u00f3n t\u00e9cnica necesaria son las otras dos preocupaciones principales de los profesionales. Con la carrera tecnol\u00f3gica, los arquitectos de todo el mundo han tenido que renovarse o morir tecnol\u00f3gicamente, actualiz\u00e1ndose y apostando por nuevos procesos o [&hellip;]\" \/>\n<meta property=\"og:url\" content=\"https:\/\/stg.visualarq.com\/es\/el-uso-del-3d-en-edificios-es-ya-la-principal-opcion-y-preocupacion-del-arquitecto-tecnologico\/\" \/>\n<meta property=\"og:site_name\" content=\"VisualARQ\" \/>\n<meta property=\"article:publisher\" content=\"https:\/\/www.facebook.com\/visualarq\" \/>\n<meta property=\"article:published_time\" content=\"2018-09-13T00:00:00+00:00\" \/>\n<meta property=\"og:image\" content=\"https:\/\/stg.visualarq.com\/wp-content\/uploads\/2019\/01\/VisualARQ-2-Randall-Stout-Alberta-Art-Gallery.jpg\" \/>\n\t<meta property=\"og:image:width\" content=\"750\" \/>\n\t<meta property=\"og:image:height\" content=\"360\" \/>\n\t<meta property=\"og:image:type\" content=\"image\/jpeg\" \/>\n<meta name=\"author\" content=\"Francesc Salla\" \/>\n<meta name=\"twitter:card\" content=\"summary_large_image\" \/>\n<meta name=\"twitter:creator\" content=\"@VisualARQ\" \/>\n<meta name=\"twitter:site\" content=\"@VisualARQ\" \/>\n<meta name=\"twitter:label1\" content=\"Escrito por\" \/>\n\t<meta name=\"twitter:data1\" content=\"Francesc Salla\" \/>\n\t<meta name=\"twitter:label2\" content=\"Tiempo de lectura\" \/>\n\t<meta name=\"twitter:data2\" content=\"4 minutos\" \/>\n<script type=\"application\/ld+json\" class=\"yoast-schema-graph\">{\"@context\":\"https:\\\/\\\/schema.org\",\"@graph\":[{\"@type\":\"Article\",\"@id\":\"https:\\\/\\\/stg.visualarq.com\\\/es\\\/el-uso-del-3d-en-edificios-es-ya-la-principal-opcion-y-preocupacion-del-arquitecto-tecnologico\\\/#article\",\"isPartOf\":{\"@id\":\"https:\\\/\\\/stg.visualarq.com\\\/es\\\/el-uso-del-3d-en-edificios-es-ya-la-principal-opcion-y-preocupacion-del-arquitecto-tecnologico\\\/\"},\"author\":{\"name\":\"Francesc Salla\",\"@id\":\"https:\\\/\\\/stg.visualarq.com\\\/es\\\/#\\\/schema\\\/person\\\/f61c67cb6ff7f707ad48dc1bd00d7371\"},\"headline\":\"El uso del 3D en edificios es ya la principal opci\u00f3n (y preocupaci\u00f3n) del arquitecto \u201ctecnol\u00f3gico\u201d\",\"datePublished\":\"2018-09-13T00:00:00+00:00\",\"mainEntityOfPage\":{\"@id\":\"https:\\\/\\\/stg.visualarq.com\\\/es\\\/el-uso-del-3d-en-edificios-es-ya-la-principal-opcion-y-preocupacion-del-arquitecto-tecnologico\\\/\"},\"wordCount\":753,\"image\":{\"@id\":\"https:\\\/\\\/stg.visualarq.com\\\/es\\\/el-uso-del-3d-en-edificios-es-ya-la-principal-opcion-y-preocupacion-del-arquitecto-tecnologico\\\/#primaryimage\"},\"thumbnailUrl\":\"https:\\\/\\\/stg.visualarq.com\\\/wp-content\\\/uploads\\\/2019\\\/01\\\/VisualARQ-2-Randall-Stout-Alberta-Art-Gallery.jpg\",\"articleSection\":[\"General\"],\"inLanguage\":\"es\"},{\"@type\":\"WebPage\",\"@id\":\"https:\\\/\\\/stg.visualarq.com\\\/es\\\/el-uso-del-3d-en-edificios-es-ya-la-principal-opcion-y-preocupacion-del-arquitecto-tecnologico\\\/\",\"url\":\"https:\\\/\\\/stg.visualarq.com\\\/es\\\/el-uso-del-3d-en-edificios-es-ya-la-principal-opcion-y-preocupacion-del-arquitecto-tecnologico\\\/\",\"name\":\"El uso del 3D en edificios es ya la principal opci\u00f3n (y preocupaci\u00f3n) del arquitecto \u201ctecnol\u00f3gico\u201d - VisualARQ\",\"isPartOf\":{\"@id\":\"https:\\\/\\\/stg.visualarq.com\\\/es\\\/#website\"},\"primaryImageOfPage\":{\"@id\":\"https:\\\/\\\/stg.visualarq.com\\\/es\\\/el-uso-del-3d-en-edificios-es-ya-la-principal-opcion-y-preocupacion-del-arquitecto-tecnologico\\\/#primaryimage\"},\"image\":{\"@id\":\"https:\\\/\\\/stg.visualarq.com\\\/es\\\/el-uso-del-3d-en-edificios-es-ya-la-principal-opcion-y-preocupacion-del-arquitecto-tecnologico\\\/#primaryimage\"},\"thumbnailUrl\":\"https:\\\/\\\/stg.visualarq.com\\\/wp-content\\\/uploads\\\/2019\\\/01\\\/VisualARQ-2-Randall-Stout-Alberta-Art-Gallery.jpg\",\"datePublished\":\"2018-09-13T00:00:00+00:00\",\"author\":{\"@id\":\"https:\\\/\\\/stg.visualarq.com\\\/es\\\/#\\\/schema\\\/person\\\/f61c67cb6ff7f707ad48dc1bd00d7371\"},\"breadcrumb\":{\"@id\":\"https:\\\/\\\/stg.visualarq.com\\\/es\\\/el-uso-del-3d-en-edificios-es-ya-la-principal-opcion-y-preocupacion-del-arquitecto-tecnologico\\\/#breadcrumb\"},\"inLanguage\":\"es\",\"potentialAction\":[{\"@type\":\"ReadAction\",\"target\":[\"https:\\\/\\\/stg.visualarq.com\\\/es\\\/el-uso-del-3d-en-edificios-es-ya-la-principal-opcion-y-preocupacion-del-arquitecto-tecnologico\\\/\"]}]},{\"@type\":\"ImageObject\",\"inLanguage\":\"es\",\"@id\":\"https:\\\/\\\/stg.visualarq.com\\\/es\\\/el-uso-del-3d-en-edificios-es-ya-la-principal-opcion-y-preocupacion-del-arquitecto-tecnologico\\\/#primaryimage\",\"url\":\"https:\\\/\\\/stg.visualarq.com\\\/wp-content\\\/uploads\\\/2019\\\/01\\\/VisualARQ-2-Randall-Stout-Alberta-Art-Gallery.jpg\",\"contentUrl\":\"https:\\\/\\\/stg.visualarq.com\\\/wp-content\\\/uploads\\\/2019\\\/01\\\/VisualARQ-2-Randall-Stout-Alberta-Art-Gallery.jpg\",\"width\":750,\"height\":360},{\"@type\":\"BreadcrumbList\",\"@id\":\"https:\\\/\\\/stg.visualarq.com\\\/es\\\/el-uso-del-3d-en-edificios-es-ya-la-principal-opcion-y-preocupacion-del-arquitecto-tecnologico\\\/#breadcrumb\",\"itemListElement\":[{\"@type\":\"ListItem\",\"position\":1,\"name\":\"Home\",\"item\":\"https:\\\/\\\/stg.visualarq.com\\\/es\\\/home\\\/\"},{\"@type\":\"ListItem\",\"position\":2,\"name\":\"El uso del 3D en edificios es ya la principal opci\u00f3n (y preocupaci\u00f3n) del arquitecto \u201ctecnol\u00f3gico\u201d\"}]},{\"@type\":\"WebSite\",\"@id\":\"https:\\\/\\\/stg.visualarq.com\\\/es\\\/#website\",\"url\":\"https:\\\/\\\/stg.visualarq.com\\\/es\\\/\",\"name\":\"VisualARQ\",\"description\":\"Flexible BIM for Rhino\",\"potentialAction\":[{\"@type\":\"SearchAction\",\"target\":{\"@type\":\"EntryPoint\",\"urlTemplate\":\"https:\\\/\\\/stg.visualarq.com\\\/es\\\/?s={search_term_string}\"},\"query-input\":{\"@type\":\"PropertyValueSpecification\",\"valueRequired\":true,\"valueName\":\"search_term_string\"}}],\"inLanguage\":\"es\"},{\"@type\":\"Person\",\"@id\":\"https:\\\/\\\/stg.visualarq.com\\\/es\\\/#\\\/schema\\\/person\\\/f61c67cb6ff7f707ad48dc1bd00d7371\",\"name\":\"Francesc Salla\",\"image\":{\"@type\":\"ImageObject\",\"inLanguage\":\"es\",\"@id\":\"https:\\\/\\\/secure.gravatar.com\\\/avatar\\\/d1b28734ac3202a82f88519e56a2c30dc3797cf97a12b6ab9483115421139fb8?s=96&d=mm&r=g\",\"url\":\"https:\\\/\\\/secure.gravatar.com\\\/avatar\\\/d1b28734ac3202a82f88519e56a2c30dc3797cf97a12b6ab9483115421139fb8?s=96&d=mm&r=g\",\"contentUrl\":\"https:\\\/\\\/secure.gravatar.com\\\/avatar\\\/d1b28734ac3202a82f88519e56a2c30dc3797cf97a12b6ab9483115421139fb8?s=96&d=mm&r=g\",\"caption\":\"Francesc Salla\"},\"url\":\"https:\\\/\\\/stg.visualarq.com\\\/es\\\/author\\\/fsalla\\\/\"}]}<\/script>\n<!-- \/ Yoast SEO plugin. -->","yoast_head_json":{"title":"El uso del 3D en edificios es ya la principal opci\u00f3n (y preocupaci\u00f3n) del arquitecto \u201ctecnol\u00f3gico\u201d - VisualARQ","robots":{"index":"noindex","follow":"follow","max-snippet":"max-snippet:-1","max-image-preview":"max-image-preview:large","max-video-preview":"max-video-preview:-1"},"og_locale":"es_ES","og_type":"article","og_title":"El uso del 3D en edificios es ya la principal opci\u00f3n (y preocupaci\u00f3n) del arquitecto \u201ctecnol\u00f3gico\u201d - VisualARQ","og_description":"Poder relacionar los nuevos programas de trabajo, m\u00e1s flexibles y \u00e1giles, con otros programas existentes y generar mejor la documentaci\u00f3n t\u00e9cnica necesaria son las otras dos preocupaciones principales de los profesionales. Con la carrera tecnol\u00f3gica, los arquitectos de todo el mundo han tenido que renovarse o morir tecnol\u00f3gicamente, actualiz\u00e1ndose y apostando por nuevos procesos o [&hellip;]","og_url":"https:\/\/stg.visualarq.com\/es\/el-uso-del-3d-en-edificios-es-ya-la-principal-opcion-y-preocupacion-del-arquitecto-tecnologico\/","og_site_name":"VisualARQ","article_publisher":"https:\/\/www.facebook.com\/visualarq","article_published_time":"2018-09-13T00:00:00+00:00","og_image":[{"width":750,"height":360,"url":"https:\/\/stg.visualarq.com\/wp-content\/uploads\/2019\/01\/VisualARQ-2-Randall-Stout-Alberta-Art-Gallery.jpg","type":"image\/jpeg"}],"author":"Francesc Salla","twitter_card":"summary_large_image","twitter_creator":"@VisualARQ","twitter_site":"@VisualARQ","twitter_misc":{"Escrito por":"Francesc Salla","Tiempo de lectura":"4 minutos"},"schema":{"@context":"https:\/\/schema.org","@graph":[{"@type":"Article","@id":"https:\/\/stg.visualarq.com\/es\/el-uso-del-3d-en-edificios-es-ya-la-principal-opcion-y-preocupacion-del-arquitecto-tecnologico\/#article","isPartOf":{"@id":"https:\/\/stg.visualarq.com\/es\/el-uso-del-3d-en-edificios-es-ya-la-principal-opcion-y-preocupacion-del-arquitecto-tecnologico\/"},"author":{"name":"Francesc Salla","@id":"https:\/\/stg.visualarq.com\/es\/#\/schema\/person\/f61c67cb6ff7f707ad48dc1bd00d7371"},"headline":"El uso del 3D en edificios es ya la principal opci\u00f3n (y preocupaci\u00f3n) del arquitecto \u201ctecnol\u00f3gico\u201d","datePublished":"2018-09-13T00:00:00+00:00","mainEntityOfPage":{"@id":"https:\/\/stg.visualarq.com\/es\/el-uso-del-3d-en-edificios-es-ya-la-principal-opcion-y-preocupacion-del-arquitecto-tecnologico\/"},"wordCount":753,"image":{"@id":"https:\/\/stg.visualarq.com\/es\/el-uso-del-3d-en-edificios-es-ya-la-principal-opcion-y-preocupacion-del-arquitecto-tecnologico\/#primaryimage"},"thumbnailUrl":"https:\/\/stg.visualarq.com\/wp-content\/uploads\/2019\/01\/VisualARQ-2-Randall-Stout-Alberta-Art-Gallery.jpg","articleSection":["General"],"inLanguage":"es"},{"@type":"WebPage","@id":"https:\/\/stg.visualarq.com\/es\/el-uso-del-3d-en-edificios-es-ya-la-principal-opcion-y-preocupacion-del-arquitecto-tecnologico\/","url":"https:\/\/stg.visualarq.com\/es\/el-uso-del-3d-en-edificios-es-ya-la-principal-opcion-y-preocupacion-del-arquitecto-tecnologico\/","name":"El uso del 3D en edificios es ya la principal opci\u00f3n (y preocupaci\u00f3n) del arquitecto \u201ctecnol\u00f3gico\u201d - VisualARQ","isPartOf":{"@id":"https:\/\/stg.visualarq.com\/es\/#website"},"primaryImageOfPage":{"@id":"https:\/\/stg.visualarq.com\/es\/el-uso-del-3d-en-edificios-es-ya-la-principal-opcion-y-preocupacion-del-arquitecto-tecnologico\/#primaryimage"},"image":{"@id":"https:\/\/stg.visualarq.com\/es\/el-uso-del-3d-en-edificios-es-ya-la-principal-opcion-y-preocupacion-del-arquitecto-tecnologico\/#primaryimage"},"thumbnailUrl":"https:\/\/stg.visualarq.com\/wp-content\/uploads\/2019\/01\/VisualARQ-2-Randall-Stout-Alberta-Art-Gallery.jpg","datePublished":"2018-09-13T00:00:00+00:00","author":{"@id":"https:\/\/stg.visualarq.com\/es\/#\/schema\/person\/f61c67cb6ff7f707ad48dc1bd00d7371"},"breadcrumb":{"@id":"https:\/\/stg.visualarq.com\/es\/el-uso-del-3d-en-edificios-es-ya-la-principal-opcion-y-preocupacion-del-arquitecto-tecnologico\/#breadcrumb"},"inLanguage":"es","potentialAction":[{"@type":"ReadAction","target":["https:\/\/stg.visualarq.com\/es\/el-uso-del-3d-en-edificios-es-ya-la-principal-opcion-y-preocupacion-del-arquitecto-tecnologico\/"]}]},{"@type":"ImageObject","inLanguage":"es","@id":"https:\/\/stg.visualarq.com\/es\/el-uso-del-3d-en-edificios-es-ya-la-principal-opcion-y-preocupacion-del-arquitecto-tecnologico\/#primaryimage","url":"https:\/\/stg.visualarq.com\/wp-content\/uploads\/2019\/01\/VisualARQ-2-Randall-Stout-Alberta-Art-Gallery.jpg","contentUrl":"https:\/\/stg.visualarq.com\/wp-content\/uploads\/2019\/01\/VisualARQ-2-Randall-Stout-Alberta-Art-Gallery.jpg","width":750,"height":360},{"@type":"BreadcrumbList","@id":"https:\/\/stg.visualarq.com\/es\/el-uso-del-3d-en-edificios-es-ya-la-principal-opcion-y-preocupacion-del-arquitecto-tecnologico\/#breadcrumb","itemListElement":[{"@type":"ListItem","position":1,"name":"Home","item":"https:\/\/stg.visualarq.com\/es\/home\/"},{"@type":"ListItem","position":2,"name":"El uso del 3D en edificios es ya la principal opci\u00f3n (y preocupaci\u00f3n) del arquitecto \u201ctecnol\u00f3gico\u201d"}]},{"@type":"WebSite","@id":"https:\/\/stg.visualarq.com\/es\/#website","url":"https:\/\/stg.visualarq.com\/es\/","name":"VisualARQ","description":"Flexible BIM for Rhino","potentialAction":[{"@type":"SearchAction","target":{"@type":"EntryPoint","urlTemplate":"https:\/\/stg.visualarq.com\/es\/?s={search_term_string}"},"query-input":{"@type":"PropertyValueSpecification","valueRequired":true,"valueName":"search_term_string"}}],"inLanguage":"es"},{"@type":"Person","@id":"https:\/\/stg.visualarq.com\/es\/#\/schema\/person\/f61c67cb6ff7f707ad48dc1bd00d7371","name":"Francesc Salla","image":{"@type":"ImageObject","inLanguage":"es","@id":"https:\/\/secure.gravatar.com\/avatar\/d1b28734ac3202a82f88519e56a2c30dc3797cf97a12b6ab9483115421139fb8?s=96&d=mm&r=g","url":"https:\/\/secure.gravatar.com\/avatar\/d1b28734ac3202a82f88519e56a2c30dc3797cf97a12b6ab9483115421139fb8?s=96&d=mm&r=g","contentUrl":"https:\/\/secure.gravatar.com\/avatar\/d1b28734ac3202a82f88519e56a2c30dc3797cf97a12b6ab9483115421139fb8?s=96&d=mm&r=g","caption":"Francesc Salla"},"url":"https:\/\/stg.visualarq.com\/es\/author\/fsalla\/"}]}},"_links":{"self":[{"href":"https:\/\/stg.visualarq.com\/es\/wp-json\/wp\/v2\/posts\/8305","targetHints":{"allow":["GET"]}}],"collection":[{"href":"https:\/\/stg.visualarq.com\/es\/wp-json\/wp\/v2\/posts"}],"about":[{"href":"https:\/\/stg.visualarq.com\/es\/wp-json\/wp\/v2\/types\/post"}],"author":[{"embeddable":true,"href":"https:\/\/stg.visualarq.com\/es\/wp-json\/wp\/v2\/users\/6"}],"replies":[{"embeddable":true,"href":"https:\/\/stg.visualarq.com\/es\/wp-json\/wp\/v2\/comments?post=8305"}],"version-history":[{"count":0,"href":"https:\/\/stg.visualarq.com\/es\/wp-json\/wp\/v2\/posts\/8305\/revisions"}],"wp:featuredmedia":[{"embeddable":true,"href":"https:\/\/stg.visualarq.com\/es\/wp-json\/wp\/v2\/media\/7254"}],"wp:attachment":[{"href":"https:\/\/stg.visualarq.com\/es\/wp-json\/wp\/v2\/media?parent=8305"}],"wp:term":[{"taxonomy":"category","embeddable":true,"href":"https:\/\/stg.visualarq.com\/es\/wp-json\/wp\/v2\/categories?post=8305"},{"taxonomy":"post_tag","embeddable":true,"href":"https:\/\/stg.visualarq.com\/es\/wp-json\/wp\/v2\/tags?post=8305"}],"curies":[{"name":"wp","href":"https:\/\/api.w.org\/{rel}","templated":true}]}}