{"id":7503,"date":"2018-05-31T00:00:00","date_gmt":"2018-05-31T00:00:00","guid":{"rendered":"https:\/\/stg.visualarq.com\/2018\/05\/31\/visualarq-au-bimoc-de-dijon\/"},"modified":"2018-05-31T00:00:00","modified_gmt":"2018-05-31T00:00:00","slug":"visualarq-au-bimoc-de-dijon","status":"publish","type":"post","link":"https:\/\/stg.visualarq.com\/fr\/visualarq-au-bimoc-de-dijon\/","title":{"rendered":"VisualARQ au BIMOC de Dijon"},"content":{"rendered":"<a href=\"https:\/\/www.bimoc.fr\/\"><img loading=\"lazy\" decoding=\"async\" src=\"https:\/\/stg.visualarq.com\/wp-content\/uploads\/2019\/01\/BIMOC-Dijon.jpeg\" alt=\"\" width=\"562\" height=\"350\" class=\"aligncenter size-full wp-image-5269\" \/><\/a>\n\n<b><a href=\"https:\/\/www.bimoc.fr\/\">BIMoc &#8211; Forum BIM &#8211; Et objets Connect\u00e9s<\/a><\/b>\n\n<b>Z\u00e9nith de Dijon Parc de la Toison d&rsquo;or, France<\/b>\n\n<b>Rhinoforyou sera pr\u00e9sent<\/b> : stand 9\n\n<b>7 juin 2018. 9h-18h<\/b>\n\n\n\n<p><a href=\"https:\/\/rhino4you.com\/\">Rhinoforyou<\/a> montrera VisualARQ au BIMoc 2018 de Dijon, le jeudi 7 juin. (stand n\u00ba9)\n\n\n\nLa forum BIMOC rassemble les principaux acteurs de la construction intelligente et des objets connect\u00e9s. Il s&rsquo;agit de la deuxi\u00e8me \u00e9dition de cet \u00e9v\u00e9nement qui a d\u00e9j\u00e0 eu lieu il y a deux ans et qui se positionne comme le plus important en la mati\u00e8re dans le nord est de la France. \n\n\n\nOrganis\u00e9 par le cluster GA2B, BIMOC a \u00e9t\u00e9 lanc\u00e9 en 2016 comme le premier Forum qui s\u2019int\u00e9resse \u00e0 l\u2019extension de l\u2019usage du BIM et des objets connect\u00e9s dans leurs interactions avec les usagers, dans le but de d\u00e9velopper massivement les concepts de villes et b\u00e2timents intelligents et agiles.\n\n\n\nLors de cet \u00e9v\u00e9nement, les experts de Rhinoforyou, en collaboration avec Francesc Salla, le responsable produit de VisualARQ, seront disponibles sur le Stand 9 pour r\u00e9aliser des d\u00e9monstrations en direct de Rhino, Grasshopper et VisualARQ .\n\n\n\nVous pourrez d\u00e9couvrir RhinoArchitecture, la solution BIM flexible et abordable pour toutes les tailles d&rsquo;entreprises\u00a0!\n\n\n\n<a href=\"https:\/\/www.bimoc.fr\/inscriptions\">Informations et inscription&#8230;<\/a>","protected":false},"excerpt":{"rendered":"<p>BIMoc &#8211; Forum BIM &#8211; Et objets Connect\u00e9s Z\u00e9nith de Dijon Parc de la Toison d&rsquo;or, France Rhinoforyou sera pr\u00e9sent : stand 9 7 juin 2018. 9h-18h Rhinoforyou montrera VisualARQ au BIMoc 2018 de Dijon, le jeudi 7 juin. (stand n\u00ba9) La forum BIMOC rassemble les principaux acteurs de la construction intelligente et des objets [&hellip;]<\/p>\n","protected":false},"author":6,"featured_media":7233,"comment_status":"closed","ping_status":"closed","sticky":false,"template":"","format":"standard","meta":{"_et_pb_use_builder":"","_et_pb_old_content":"","_et_gb_content_width":"","footnotes":""},"categories":[1719],"tags":[],"class_list":["post-7503","post","type-post","status-publish","format-standard","has-post-thumbnail","hentry","category-evenements"],"yoast_head":"<!-- This site is optimized with the Yoast SEO plugin v27.5 - https:\/\/yoast.com\/product\/yoast-seo-wordpress\/ -->\n<title>VisualARQ au BIMOC de Dijon - VisualARQ<\/title>\n<meta name=\"robots\" content=\"noindex, follow, max-snippet:-1, max-image-preview:large, max-video-preview:-1\" \/>\n<meta property=\"og:locale\" content=\"fr_FR\" \/>\n<meta property=\"og:type\" content=\"article\" \/>\n<meta property=\"og:title\" content=\"VisualARQ au BIMOC de Dijon - VisualARQ\" \/>\n<meta property=\"og:description\" content=\"BIMoc &#8211; Forum BIM &#8211; Et objets Connect\u00e9s Z\u00e9nith de Dijon Parc de la Toison d&rsquo;or, France Rhinoforyou sera pr\u00e9sent : stand 9 7 juin 2018. 9h-18h Rhinoforyou montrera VisualARQ au BIMoc 2018 de Dijon, le jeudi 7 juin. (stand n\u00ba9) La forum BIMOC rassemble les principaux acteurs de la construction intelligente et des objets [&hellip;]\" \/>\n<meta property=\"og:url\" content=\"https:\/\/stg.visualarq.com\/fr\/visualarq-au-bimoc-de-dijon\/\" \/>\n<meta property=\"og:site_name\" content=\"VisualARQ\" \/>\n<meta property=\"article:publisher\" content=\"https:\/\/www.facebook.com\/visualarq\" \/>\n<meta property=\"article:published_time\" content=\"2018-05-31T00:00:00+00:00\" \/>\n<meta property=\"og:image\" content=\"https:\/\/stg.visualarq.com\/wp-content\/uploads\/2019\/01\/BIMOC-Dijon.jpeg\" \/>\n\t<meta property=\"og:image:width\" content=\"562\" \/>\n\t<meta property=\"og:image:height\" content=\"350\" \/>\n\t<meta property=\"og:image:type\" content=\"image\/jpeg\" \/>\n<meta name=\"author\" content=\"Francesc Salla\" \/>\n<meta name=\"twitter:card\" content=\"summary_large_image\" \/>\n<meta name=\"twitter:creator\" content=\"@VisualARQ\" \/>\n<meta name=\"twitter:site\" content=\"@VisualARQ\" \/>\n<meta name=\"twitter:label1\" content=\"\u00c9crit par\" \/>\n\t<meta name=\"twitter:data1\" content=\"Francesc Salla\" \/>\n\t<meta name=\"twitter:label2\" content=\"Dur\u00e9e de lecture estim\u00e9e\" \/>\n\t<meta name=\"twitter:data2\" content=\"1 minute\" \/>\n<script type=\"application\/ld+json\" class=\"yoast-schema-graph\">{\"@context\":\"https:\\\/\\\/schema.org\",\"@graph\":[{\"@type\":\"Article\",\"@id\":\"https:\\\/\\\/stg.visualarq.com\\\/fr\\\/visualarq-au-bimoc-de-dijon\\\/#article\",\"isPartOf\":{\"@id\":\"https:\\\/\\\/stg.visualarq.com\\\/fr\\\/visualarq-au-bimoc-de-dijon\\\/\"},\"author\":{\"name\":\"Francesc Salla\",\"@id\":\"https:\\\/\\\/stg.visualarq.com\\\/fr\\\/#\\\/schema\\\/person\\\/f61c67cb6ff7f707ad48dc1bd00d7371\"},\"headline\":\"VisualARQ au BIMOC de Dijon\",\"datePublished\":\"2018-05-31T00:00:00+00:00\",\"mainEntityOfPage\":{\"@id\":\"https:\\\/\\\/stg.visualarq.com\\\/fr\\\/visualarq-au-bimoc-de-dijon\\\/\"},\"wordCount\":214,\"image\":{\"@id\":\"https:\\\/\\\/stg.visualarq.com\\\/fr\\\/visualarq-au-bimoc-de-dijon\\\/#primaryimage\"},\"thumbnailUrl\":\"https:\\\/\\\/stg.visualarq.com\\\/wp-content\\\/uploads\\\/2019\\\/01\\\/BIMOC-Dijon.jpeg\",\"articleSection\":[\"\u00c9v\u00e9nements\"],\"inLanguage\":\"fr-FR\"},{\"@type\":\"WebPage\",\"@id\":\"https:\\\/\\\/stg.visualarq.com\\\/fr\\\/visualarq-au-bimoc-de-dijon\\\/\",\"url\":\"https:\\\/\\\/stg.visualarq.com\\\/fr\\\/visualarq-au-bimoc-de-dijon\\\/\",\"name\":\"VisualARQ au BIMOC de Dijon - VisualARQ\",\"isPartOf\":{\"@id\":\"https:\\\/\\\/stg.visualarq.com\\\/fr\\\/#website\"},\"primaryImageOfPage\":{\"@id\":\"https:\\\/\\\/stg.visualarq.com\\\/fr\\\/visualarq-au-bimoc-de-dijon\\\/#primaryimage\"},\"image\":{\"@id\":\"https:\\\/\\\/stg.visualarq.com\\\/fr\\\/visualarq-au-bimoc-de-dijon\\\/#primaryimage\"},\"thumbnailUrl\":\"https:\\\/\\\/stg.visualarq.com\\\/wp-content\\\/uploads\\\/2019\\\/01\\\/BIMOC-Dijon.jpeg\",\"datePublished\":\"2018-05-31T00:00:00+00:00\",\"author\":{\"@id\":\"https:\\\/\\\/stg.visualarq.com\\\/fr\\\/#\\\/schema\\\/person\\\/f61c67cb6ff7f707ad48dc1bd00d7371\"},\"breadcrumb\":{\"@id\":\"https:\\\/\\\/stg.visualarq.com\\\/fr\\\/visualarq-au-bimoc-de-dijon\\\/#breadcrumb\"},\"inLanguage\":\"fr-FR\",\"potentialAction\":[{\"@type\":\"ReadAction\",\"target\":[\"https:\\\/\\\/stg.visualarq.com\\\/fr\\\/visualarq-au-bimoc-de-dijon\\\/\"]}]},{\"@type\":\"ImageObject\",\"inLanguage\":\"fr-FR\",\"@id\":\"https:\\\/\\\/stg.visualarq.com\\\/fr\\\/visualarq-au-bimoc-de-dijon\\\/#primaryimage\",\"url\":\"https:\\\/\\\/stg.visualarq.com\\\/wp-content\\\/uploads\\\/2019\\\/01\\\/BIMOC-Dijon.jpeg\",\"contentUrl\":\"https:\\\/\\\/stg.visualarq.com\\\/wp-content\\\/uploads\\\/2019\\\/01\\\/BIMOC-Dijon.jpeg\",\"width\":562,\"height\":350},{\"@type\":\"BreadcrumbList\",\"@id\":\"https:\\\/\\\/stg.visualarq.com\\\/fr\\\/visualarq-au-bimoc-de-dijon\\\/#breadcrumb\",\"itemListElement\":[{\"@type\":\"ListItem\",\"position\":1,\"name\":\"Home\",\"item\":\"https:\\\/\\\/stg.visualarq.com\\\/fr\\\/home\\\/\"},{\"@type\":\"ListItem\",\"position\":2,\"name\":\"VisualARQ au BIMOC de Dijon\"}]},{\"@type\":\"WebSite\",\"@id\":\"https:\\\/\\\/stg.visualarq.com\\\/fr\\\/#website\",\"url\":\"https:\\\/\\\/stg.visualarq.com\\\/fr\\\/\",\"name\":\"VisualARQ\",\"description\":\"Flexible BIM for Rhino\",\"potentialAction\":[{\"@type\":\"SearchAction\",\"target\":{\"@type\":\"EntryPoint\",\"urlTemplate\":\"https:\\\/\\\/stg.visualarq.com\\\/fr\\\/?s={search_term_string}\"},\"query-input\":{\"@type\":\"PropertyValueSpecification\",\"valueRequired\":true,\"valueName\":\"search_term_string\"}}],\"inLanguage\":\"fr-FR\"},{\"@type\":\"Person\",\"@id\":\"https:\\\/\\\/stg.visualarq.com\\\/fr\\\/#\\\/schema\\\/person\\\/f61c67cb6ff7f707ad48dc1bd00d7371\",\"name\":\"Francesc Salla\",\"image\":{\"@type\":\"ImageObject\",\"inLanguage\":\"fr-FR\",\"@id\":\"https:\\\/\\\/secure.gravatar.com\\\/avatar\\\/d1b28734ac3202a82f88519e56a2c30dc3797cf97a12b6ab9483115421139fb8?s=96&d=mm&r=g\",\"url\":\"https:\\\/\\\/secure.gravatar.com\\\/avatar\\\/d1b28734ac3202a82f88519e56a2c30dc3797cf97a12b6ab9483115421139fb8?s=96&d=mm&r=g\",\"contentUrl\":\"https:\\\/\\\/secure.gravatar.com\\\/avatar\\\/d1b28734ac3202a82f88519e56a2c30dc3797cf97a12b6ab9483115421139fb8?s=96&d=mm&r=g\",\"caption\":\"Francesc Salla\"},\"url\":\"https:\\\/\\\/stg.visualarq.com\\\/fr\\\/author\\\/fsalla\\\/\"}]}<\/script>\n<!-- \/ Yoast SEO plugin. -->","yoast_head_json":{"title":"VisualARQ au BIMOC de Dijon - VisualARQ","robots":{"index":"noindex","follow":"follow","max-snippet":"max-snippet:-1","max-image-preview":"max-image-preview:large","max-video-preview":"max-video-preview:-1"},"og_locale":"fr_FR","og_type":"article","og_title":"VisualARQ au BIMOC de Dijon - VisualARQ","og_description":"BIMoc &#8211; Forum BIM &#8211; Et objets Connect\u00e9s Z\u00e9nith de Dijon Parc de la Toison d&rsquo;or, France Rhinoforyou sera pr\u00e9sent : stand 9 7 juin 2018. 9h-18h Rhinoforyou montrera VisualARQ au BIMoc 2018 de Dijon, le jeudi 7 juin. (stand n\u00ba9) La forum BIMOC rassemble les principaux acteurs de la construction intelligente et des objets [&hellip;]","og_url":"https:\/\/stg.visualarq.com\/fr\/visualarq-au-bimoc-de-dijon\/","og_site_name":"VisualARQ","article_publisher":"https:\/\/www.facebook.com\/visualarq","article_published_time":"2018-05-31T00:00:00+00:00","og_image":[{"width":562,"height":350,"url":"https:\/\/stg.visualarq.com\/wp-content\/uploads\/2019\/01\/BIMOC-Dijon.jpeg","type":"image\/jpeg"}],"author":"Francesc Salla","twitter_card":"summary_large_image","twitter_creator":"@VisualARQ","twitter_site":"@VisualARQ","twitter_misc":{"\u00c9crit par":"Francesc Salla","Dur\u00e9e de lecture estim\u00e9e":"1 minute"},"schema":{"@context":"https:\/\/schema.org","@graph":[{"@type":"Article","@id":"https:\/\/stg.visualarq.com\/fr\/visualarq-au-bimoc-de-dijon\/#article","isPartOf":{"@id":"https:\/\/stg.visualarq.com\/fr\/visualarq-au-bimoc-de-dijon\/"},"author":{"name":"Francesc Salla","@id":"https:\/\/stg.visualarq.com\/fr\/#\/schema\/person\/f61c67cb6ff7f707ad48dc1bd00d7371"},"headline":"VisualARQ au BIMOC de Dijon","datePublished":"2018-05-31T00:00:00+00:00","mainEntityOfPage":{"@id":"https:\/\/stg.visualarq.com\/fr\/visualarq-au-bimoc-de-dijon\/"},"wordCount":214,"image":{"@id":"https:\/\/stg.visualarq.com\/fr\/visualarq-au-bimoc-de-dijon\/#primaryimage"},"thumbnailUrl":"https:\/\/stg.visualarq.com\/wp-content\/uploads\/2019\/01\/BIMOC-Dijon.jpeg","articleSection":["\u00c9v\u00e9nements"],"inLanguage":"fr-FR"},{"@type":"WebPage","@id":"https:\/\/stg.visualarq.com\/fr\/visualarq-au-bimoc-de-dijon\/","url":"https:\/\/stg.visualarq.com\/fr\/visualarq-au-bimoc-de-dijon\/","name":"VisualARQ au BIMOC de Dijon - VisualARQ","isPartOf":{"@id":"https:\/\/stg.visualarq.com\/fr\/#website"},"primaryImageOfPage":{"@id":"https:\/\/stg.visualarq.com\/fr\/visualarq-au-bimoc-de-dijon\/#primaryimage"},"image":{"@id":"https:\/\/stg.visualarq.com\/fr\/visualarq-au-bimoc-de-dijon\/#primaryimage"},"thumbnailUrl":"https:\/\/stg.visualarq.com\/wp-content\/uploads\/2019\/01\/BIMOC-Dijon.jpeg","datePublished":"2018-05-31T00:00:00+00:00","author":{"@id":"https:\/\/stg.visualarq.com\/fr\/#\/schema\/person\/f61c67cb6ff7f707ad48dc1bd00d7371"},"breadcrumb":{"@id":"https:\/\/stg.visualarq.com\/fr\/visualarq-au-bimoc-de-dijon\/#breadcrumb"},"inLanguage":"fr-FR","potentialAction":[{"@type":"ReadAction","target":["https:\/\/stg.visualarq.com\/fr\/visualarq-au-bimoc-de-dijon\/"]}]},{"@type":"ImageObject","inLanguage":"fr-FR","@id":"https:\/\/stg.visualarq.com\/fr\/visualarq-au-bimoc-de-dijon\/#primaryimage","url":"https:\/\/stg.visualarq.com\/wp-content\/uploads\/2019\/01\/BIMOC-Dijon.jpeg","contentUrl":"https:\/\/stg.visualarq.com\/wp-content\/uploads\/2019\/01\/BIMOC-Dijon.jpeg","width":562,"height":350},{"@type":"BreadcrumbList","@id":"https:\/\/stg.visualarq.com\/fr\/visualarq-au-bimoc-de-dijon\/#breadcrumb","itemListElement":[{"@type":"ListItem","position":1,"name":"Home","item":"https:\/\/stg.visualarq.com\/fr\/home\/"},{"@type":"ListItem","position":2,"name":"VisualARQ au BIMOC de Dijon"}]},{"@type":"WebSite","@id":"https:\/\/stg.visualarq.com\/fr\/#website","url":"https:\/\/stg.visualarq.com\/fr\/","name":"VisualARQ","description":"Flexible BIM for Rhino","potentialAction":[{"@type":"SearchAction","target":{"@type":"EntryPoint","urlTemplate":"https:\/\/stg.visualarq.com\/fr\/?s={search_term_string}"},"query-input":{"@type":"PropertyValueSpecification","valueRequired":true,"valueName":"search_term_string"}}],"inLanguage":"fr-FR"},{"@type":"Person","@id":"https:\/\/stg.visualarq.com\/fr\/#\/schema\/person\/f61c67cb6ff7f707ad48dc1bd00d7371","name":"Francesc Salla","image":{"@type":"ImageObject","inLanguage":"fr-FR","@id":"https:\/\/secure.gravatar.com\/avatar\/d1b28734ac3202a82f88519e56a2c30dc3797cf97a12b6ab9483115421139fb8?s=96&d=mm&r=g","url":"https:\/\/secure.gravatar.com\/avatar\/d1b28734ac3202a82f88519e56a2c30dc3797cf97a12b6ab9483115421139fb8?s=96&d=mm&r=g","contentUrl":"https:\/\/secure.gravatar.com\/avatar\/d1b28734ac3202a82f88519e56a2c30dc3797cf97a12b6ab9483115421139fb8?s=96&d=mm&r=g","caption":"Francesc Salla"},"url":"https:\/\/stg.visualarq.com\/fr\/author\/fsalla\/"}]}},"_links":{"self":[{"href":"https:\/\/stg.visualarq.com\/fr\/wp-json\/wp\/v2\/posts\/7503","targetHints":{"allow":["GET"]}}],"collection":[{"href":"https:\/\/stg.visualarq.com\/fr\/wp-json\/wp\/v2\/posts"}],"about":[{"href":"https:\/\/stg.visualarq.com\/fr\/wp-json\/wp\/v2\/types\/post"}],"author":[{"embeddable":true,"href":"https:\/\/stg.visualarq.com\/fr\/wp-json\/wp\/v2\/users\/6"}],"replies":[{"embeddable":true,"href":"https:\/\/stg.visualarq.com\/fr\/wp-json\/wp\/v2\/comments?post=7503"}],"version-history":[{"count":0,"href":"https:\/\/stg.visualarq.com\/fr\/wp-json\/wp\/v2\/posts\/7503\/revisions"}],"wp:featuredmedia":[{"embeddable":true,"href":"https:\/\/stg.visualarq.com\/fr\/wp-json\/wp\/v2\/media\/7233"}],"wp:attachment":[{"href":"https:\/\/stg.visualarq.com\/fr\/wp-json\/wp\/v2\/media?parent=7503"}],"wp:term":[{"taxonomy":"category","embeddable":true,"href":"https:\/\/stg.visualarq.com\/fr\/wp-json\/wp\/v2\/categories?post=7503"},{"taxonomy":"post_tag","embeddable":true,"href":"https:\/\/stg.visualarq.com\/fr\/wp-json\/wp\/v2\/tags?post=7503"}],"curies":[{"name":"wp","href":"https:\/\/api.w.org\/{rel}","templated":true}]}}